{"id":7279,"date":"2024-02-26T15:37:02","date_gmt":"2024-02-26T13:37:02","guid":{"rendered":"https:\/\/bortziriak.eus\/2024\/02\/26\/diversidad-linguistica-y-cultural-y-la-celebracion-del-25-de-mayo\/"},"modified":"2024-02-28T12:41:29","modified_gmt":"2024-02-28T10:41:29","slug":"diversidad-linguistica-y-cultural-y-la-celebracion-del-25-de-mayo","status":"publish","type":"post","link":"https:\/\/bortziriak.eus\/es\/2024\/02\/26\/diversidad-linguistica-y-cultural-y-la-celebracion-del-25-de-mayo\/","title":{"rendered":"El 25 de mayo se celebrar\u00e1 una fiesta en torno a la diversidad ling\u00fc\u00edstica y cultural"},"content":{"rendered":"<section class=\"l-section wpb_row height_auto\"><div class=\"l-section-h i-cf\"><div class=\"g-cols vc_row via_flex valign_top type_default stacking_default\"><div class=\"vc_col-sm-12 wpb_column vc_column_container\"><div class=\"vc_column-inner\"><div class=\"wpb_wrapper\"><div class=\"wpb_text_column\"><div class=\"wpb_wrapper\"><p><strong><em>Desde el pasado oto\u00f1o, a iniciativa de la Mancomunidad de Euskera, un grupo de personas trabaja conjuntamente en torno a la diversidad ling\u00fc\u00edstica y cultural.<\/em><\/strong><\/p>\n<p>El grupo formado por personas de diferente procedencia y bagaje comenz\u00f3 su andadura en octubre del a\u00f1o pasado, con el objetivo tratar temas relacionados con\u00a0 la diversidad ling\u00fc\u00edstica y cultural (y su puesta en valor), as\u00ed como para crear espacios de sensibilizaci\u00f3n y conocimiento mutuos, y acercar el euskera a personas originarias de distintos lugares.<\/p>\n<p><strong>Primer acto: Proyecci\u00f3n del documental \u201c<a href=\"https:\/\/www.youtube.com\/watch?v=1KyWmqVS36w\" target=\"_blank\" rel=\"noopener\">Bidasoa 2018-2023<\/a>\u201d en Bera<\/strong><\/p>\n<p>El grupo organiz\u00f3 el pasado 17 de diciembre en Bera la proyecci\u00f3n del documental \u00abBidasoa 2018-2023\u00bb, y aprovecho este evento para darse a conocer. El documental trata el tema de las y los migrantes en tr\u00e1nsito desde \u00c1frica al norte de Europa, desde la perspectiva de los derechos humanos, y sobre la acogida, la solidaridad, la diversidad y la integraci\u00f3n. El acto result\u00f3 exitoso, con la asistencia de m\u00e1s de 100 personas.<\/p>\n<p><strong><img loading=\"lazy\" decoding=\"async\" class=\"alignnone size-medium wp-image-7266\" src=\"https:\/\/bortziriak.eus\/wp-content\/uploads\/2024\/02\/Bidasoa-dokumentala-Beran-20231217-408x229.jpeg\" alt=\"\" width=\"408\" height=\"229\" srcset=\"https:\/\/bortziriak.eus\/wp-content\/uploads\/2024\/02\/Bidasoa-dokumentala-Beran-20231217-408x229.jpeg 408w, https:\/\/bortziriak.eus\/wp-content\/uploads\/2024\/02\/Bidasoa-dokumentala-Beran-20231217-1024x575.jpeg 1024w, https:\/\/bortziriak.eus\/wp-content\/uploads\/2024\/02\/Bidasoa-dokumentala-Beran-20231217-600x337.jpeg 600w, https:\/\/bortziriak.eus\/wp-content\/uploads\/2024\/02\/Bidasoa-dokumentala-Beran-20231217.jpeg 1600w\" sizes=\"auto, (max-width: 408px) 100vw, 408px\" \/><\/strong><\/p>\n<p><strong>25 de mayo, fiesta de la diversidad ling\u00fc\u00edstica y cultural<\/strong><\/p>\n<p>El grupo en torno a la diversidad ling\u00fc\u00edstica y cultural ha organizado una fiesta el 25 de mayo en Bera, y en este momento est\u00e1n elaborando el programa. Los objetivos ser\u00e1n favorecer el conocimiento mutuo y la sensibilizaci\u00f3n de la ciudadan\u00eda, en un ambiente festivo. No faltar\u00e1n las danzas, la m\u00fasica y la comida sabrosa, todo ello a partir de media tarde. En las siguientes semanas, los miembros del grupo se reunir\u00e1n con personas y asociaciones para que se animen a participar en la fiesta. En particular, acudir\u00e1n a las AMPAs, para proponer a padres y madres de diversos or\u00edgenes un espacio en el que, si lo desean, puedan ofrecer alg\u00fan plato o receta t\u00edpicos de su cultura o pa\u00eds de origen, con alg\u00fan tema relacionado con su lengua(s) y cultura de origen, y siempre dando visibilidad a la diversidad ling\u00fc\u00edstica (en elementos escritos, m\u00fasica, uso oral, etc.).<\/p>\n<p><strong>Grupo de diversidad ling\u00fc\u00edstica y cultural<\/strong><\/p>\n<p>En torno a este grupo se re\u00fanen bortziritarras nacidas aqu\u00ed como venidas de otros pa\u00edses, hay representantes municipales, miembros de asociaciones, profesorado, etc. Se re\u00fanen una vez al mes en\u00a0 con el objeto de organizar la jornada del 25 de mayo, y una vez celebrada decidir\u00e1n c\u00f3mo dar continuidad a la iniciativa. En todo caso, toda persona y entidad interesada en hacer su aportaci\u00f3n es bienvenida. La pr\u00f3xima <strong>reuni\u00f3n<\/strong> tendr\u00e1 lugar el <strong>12 de marzo en Bera, en Beralandeta, a las 18:30<\/strong>.<\/p>\n<p><img loading=\"lazy\" decoding=\"async\" class=\"alignnone size-medium wp-image-7268\" src=\"https:\/\/bortziriak.eus\/wp-content\/uploads\/2024\/02\/Bilera2-408x306.jpg\" alt=\"\" width=\"408\" height=\"306\" srcset=\"https:\/\/bortziriak.eus\/wp-content\/uploads\/2024\/02\/Bilera2-408x306.jpg 408w, https:\/\/bortziriak.eus\/wp-content\/uploads\/2024\/02\/Bilera2-1024x768.jpg 1024w, https:\/\/bortziriak.eus\/wp-content\/uploads\/2024\/02\/Bilera2-533x400.jpg 533w, https:\/\/bortziriak.eus\/wp-content\/uploads\/2024\/02\/Bilera2.jpg 1600w\" sizes=\"auto, (max-width: 408px) 100vw, 408px\" \/><\/p>\n<\/div><\/div><\/div><\/div><\/div><\/div><\/div><\/section>\n","protected":false},"excerpt":{"rendered":"Desde el pasado oto\u00f1o, a iniciativa de la Mancomunidad de Euskera, un grupo de personas trabaja conjuntamente en torno a la diversidad ling\u00fc\u00edstica y cultural. El grupo formado por personas de diferente procedencia y bagaje comenz\u00f3 su andadura en octubre del a\u00f1o pasado, con el objetivo tratar temas relacionados con\u00a0 la diversidad ling\u00fc\u00edstica y cultural...","protected":false},"author":2,"featured_media":7268,"comment_status":"closed","ping_status":"closed","sticky":false,"template":"","format":"standard","meta":{"_acf_changed":false,"footnotes":""},"categories":[105,106],"tags":[],"class_list":["post-7279","post","type-post","status-publish","format-standard","has-post-thumbnail","hentry","category-albisteak-albisteak-es","category-albisteak-es"],"acf":[],"_links":{"self":[{"href":"https:\/\/bortziriak.eus\/es\/wp-json\/wp\/v2\/posts\/7279","targetHints":{"allow":["GET"]}}],"collection":[{"href":"https:\/\/bortziriak.eus\/es\/wp-json\/wp\/v2\/posts"}],"about":[{"href":"https:\/\/bortziriak.eus\/es\/wp-json\/wp\/v2\/types\/post"}],"author":[{"embeddable":true,"href":"https:\/\/bortziriak.eus\/es\/wp-json\/wp\/v2\/users\/2"}],"replies":[{"embeddable":true,"href":"https:\/\/bortziriak.eus\/es\/wp-json\/wp\/v2\/comments?post=7279"}],"version-history":[{"count":23,"href":"https:\/\/bortziriak.eus\/es\/wp-json\/wp\/v2\/posts\/7279\/revisions"}],"predecessor-version":[{"id":7304,"href":"https:\/\/bortziriak.eus\/es\/wp-json\/wp\/v2\/posts\/7279\/revisions\/7304"}],"wp:featuredmedia":[{"embeddable":true,"href":"https:\/\/bortziriak.eus\/es\/wp-json\/wp\/v2\/media\/7268"}],"wp:attachment":[{"href":"https:\/\/bortziriak.eus\/es\/wp-json\/wp\/v2\/media?parent=7279"}],"wp:term":[{"taxonomy":"category","embeddable":true,"href":"https:\/\/bortziriak.eus\/es\/wp-json\/wp\/v2\/categories?post=7279"},{"taxonomy":"post_tag","embeddable":true,"href":"https:\/\/bortziriak.eus\/es\/wp-json\/wp\/v2\/tags?post=7279"}],"curies":[{"name":"wp","href":"https:\/\/api.w.org\/{rel}","templated":true}]}}