{"id":7787,"date":"2024-05-14T08:30:43","date_gmt":"2024-05-14T06:30:43","guid":{"rendered":"https:\/\/bortziriak.eus\/?p=7787"},"modified":"2024-05-13T10:58:28","modified_gmt":"2024-05-13T08:58:28","slug":"abierto-hasta-el-31-de-mayo-el-plazo-de-inscripcion-en-las-colonias","status":"publish","type":"post","link":"https:\/\/bortziriak.eus\/es\/2024\/05\/14\/abierto-hasta-el-31-de-mayo-el-plazo-de-inscripcion-en-las-colonias\/","title":{"rendered":"Abierto hasta el 31 de mayo el plazo de inscripci\u00f3n en las colonias"},"content":{"rendered":"<section class=\"l-section wpb_row height_auto\"><div class=\"l-section-h i-cf\"><div class=\"g-cols vc_row via_flex valign_top type_default stacking_default\"><div class=\"vc_col-sm-12 wpb_column vc_column_container\"><div class=\"vc_column-inner\"><div class=\"wpb_wrapper\"><div class=\"wpb_text_column\"><div class=\"wpb_wrapper\"><p><img loading=\"lazy\" decoding=\"async\" class=\"alignnone size-medium wp-image-7657\" src=\"https:\/\/bortziriak.eus\/wp-content\/uploads\/2024\/04\/Udalekuak24.-ETZANA-408x257.jpg\" alt=\"\" width=\"408\" height=\"257\" srcset=\"https:\/\/bortziriak.eus\/wp-content\/uploads\/2024\/04\/Udalekuak24.-ETZANA-408x257.jpg 408w, https:\/\/bortziriak.eus\/wp-content\/uploads\/2024\/04\/Udalekuak24.-ETZANA-1024x644.jpg 1024w, https:\/\/bortziriak.eus\/wp-content\/uploads\/2024\/04\/Udalekuak24.-ETZANA-600x378.jpg 600w, https:\/\/bortziriak.eus\/wp-content\/uploads\/2024\/04\/Udalekuak24.-ETZANA.jpg 1759w\" sizes=\"auto, (max-width: 408px) 100vw, 408px\" \/><\/p>\n<p>Hasta el 31 de mayo permanecer\u00e1 abierto el plazo de inscripci\u00f3n en las colonias de verano. Conviene tener en cuenta los siguientes puntos:<\/p>\n<ul>\n<li>La inscripci\u00f3n deber\u00e1 hacerse <a href=\"https:\/\/bortziriak.eus\/es\/inscripcion-a-las-colonias-de-verano-2024\/\">online<\/a>.<\/li>\n<li>El n\u00famero de plazas es limitado. Las solicitudes<br \/>\nser\u00e1n admitidas por orden de inscripci\u00f3n,<br \/>\ny ser\u00e1n admitidas hasta que las<br \/>\nplazas se agoten.<\/li>\n<li>Pueden participar las ni\u00f1as y ni\u00f1os de entre 3-12 a\u00f1os (2012-2020), Las ni\u00f1as y ni\u00f1os empadronadas en Bortziriak o<br \/>\nmatriculadas en los centros de ense\u00f1anza de<br \/>\nBortziriak, en los modelos D o B.<\/li>\n<\/ul>\n<p><strong>Fechas, horarios y lugares de encuentro:<\/strong><\/p>\n<p>&gt; Arantza, Bera, Etxalar e Igantzi:<\/p>\n<p>Del 1 al 26 de julio (4 semanas; se puede inscribir por semanas), 10:00-13:00.<\/p>\n<p>Arantza: Arantzako Herri Eskola<\/p>\n<p>Bera: Ricardo Baroja I.P. \/ Labiaga Ikastola<\/p>\n<p>Etxalar: Landagain I.P.<\/p>\n<p>Igantzi: Igantziko I.P.<\/p>\n<p>&gt; Lesaka:<\/p>\n<p>Del 15 de julio al 30 de agosto (7 semanas; se puede inscribir por semanas), 9:00-13:00. Lugar: Irain I.P.<\/p>\n<p><strong>Precios, condiciones y dem\u00e1s informaci\u00f3n:<\/strong><\/p>\n<p><a href=\"https:\/\/bortziriak.eus\/wp-content\/uploads\/2022\/11\/Udalekuak.-Oinarriak-arauak-2024-web-ele2.pdf\">Udalekuak. Oinarriak-Normativa 2024<\/a><\/p>\n<\/div><\/div><\/div><\/div><\/div><\/div><\/div><\/section>\n","protected":false},"excerpt":{"rendered":"Hasta el 31 de mayo permanecer\u00e1 abierto el plazo de inscripci\u00f3n en las colonias de verano. Conviene tener en cuenta los siguientes puntos: La inscripci\u00f3n deber\u00e1 hacerse online. El n\u00famero de plazas es limitado. Las solicitudes ser\u00e1n admitidas por orden de inscripci\u00f3n, y ser\u00e1n admitidas hasta que las plazas se agoten. Pueden participar las ni\u00f1as...","protected":false},"author":2,"featured_media":7655,"comment_status":"closed","ping_status":"closed","sticky":false,"template":"","format":"standard","meta":{"_acf_changed":false,"footnotes":""},"categories":[105,106],"tags":[],"class_list":["post-7787","post","type-post","status-publish","format-standard","has-post-thumbnail","hentry","category-albisteak-albisteak-es","category-albisteak-es"],"acf":[],"_links":{"self":[{"href":"https:\/\/bortziriak.eus\/es\/wp-json\/wp\/v2\/posts\/7787","targetHints":{"allow":["GET"]}}],"collection":[{"href":"https:\/\/bortziriak.eus\/es\/wp-json\/wp\/v2\/posts"}],"about":[{"href":"https:\/\/bortziriak.eus\/es\/wp-json\/wp\/v2\/types\/post"}],"author":[{"embeddable":true,"href":"https:\/\/bortziriak.eus\/es\/wp-json\/wp\/v2\/users\/2"}],"replies":[{"embeddable":true,"href":"https:\/\/bortziriak.eus\/es\/wp-json\/wp\/v2\/comments?post=7787"}],"version-history":[{"count":3,"href":"https:\/\/bortziriak.eus\/es\/wp-json\/wp\/v2\/posts\/7787\/revisions"}],"predecessor-version":[{"id":7790,"href":"https:\/\/bortziriak.eus\/es\/wp-json\/wp\/v2\/posts\/7787\/revisions\/7790"}],"wp:featuredmedia":[{"embeddable":true,"href":"https:\/\/bortziriak.eus\/es\/wp-json\/wp\/v2\/media\/7655"}],"wp:attachment":[{"href":"https:\/\/bortziriak.eus\/es\/wp-json\/wp\/v2\/media?parent=7787"}],"wp:term":[{"taxonomy":"category","embeddable":true,"href":"https:\/\/bortziriak.eus\/es\/wp-json\/wp\/v2\/categories?post=7787"},{"taxonomy":"post_tag","embeddable":true,"href":"https:\/\/bortziriak.eus\/es\/wp-json\/wp\/v2\/tags?post=7787"}],"curies":[{"name":"wp","href":"https:\/\/api.w.org\/{rel}","templated":true}]}}