{"id":8054,"date":"2024-07-29T12:46:58","date_gmt":"2024-07-29T10:46:58","guid":{"rendered":"https:\/\/bortziriak.eus\/2024\/07\/29\/la-mancomunidad-de-euskera-ha-organizado-un-curso-para-quienes-trabajan-en-el-cuidado\/"},"modified":"2024-07-29T13:18:51","modified_gmt":"2024-07-29T11:18:51","slug":"la-mancomunidad-de-euskera-ha-organizado-un-curso-para-quienes-trabajan-en-el-cuidado","status":"publish","type":"post","link":"https:\/\/bortziriak.eus\/es\/2024\/07\/29\/la-mancomunidad-de-euskera-ha-organizado-un-curso-para-quienes-trabajan-en-el-cuidado\/","title":{"rendered":"La mancomunidad de euskera ha organizado un curso para quienes trabajan en el cuidado"},"content":{"rendered":"<section class=\"l-section wpb_row height_auto\"><div class=\"l-section-h i-cf\"><div class=\"g-cols vc_row via_flex valign_top type_default stacking_default\"><div class=\"vc_col-sm-12 wpb_column vc_column_container\"><div class=\"vc_column-inner\"><div class=\"wpb_wrapper\"><div class=\"wpb_text_column\"><div class=\"wpb_wrapper\"><p><em><strong><img loading=\"lazy\" decoding=\"async\" class=\"size-medium wp-image-8044 alignright\" src=\"https:\/\/bortziriak.eus\/wp-content\/uploads\/2024\/07\/Arantza-zaintza-408x306.jpg\" alt=\"\" width=\"408\" height=\"306\" srcset=\"https:\/\/bortziriak.eus\/wp-content\/uploads\/2024\/07\/Arantza-zaintza-408x306.jpg 408w, https:\/\/bortziriak.eus\/wp-content\/uploads\/2024\/07\/Arantza-zaintza-1024x768.jpg 1024w, https:\/\/bortziriak.eus\/wp-content\/uploads\/2024\/07\/Arantza-zaintza-533x400.jpg 533w, https:\/\/bortziriak.eus\/wp-content\/uploads\/2024\/07\/Arantza-zaintza.jpg 1984w\" sizes=\"auto, (max-width: 408px) 100vw, 408px\" \/>La Mancomunidad de Euskera de Bortziriak ha organizado un curso b\u00e1sico de euskera para quienes trabajan en el cuidado, en la residencia de mayores San Jos\u00e9 de Bera, del 2 de septiembre al 10 de octubre. El curso est\u00e1 dirigido a cuidadoras\/es de personas mayores o dependientes, es gratuito y tendr\u00e1 una duraci\u00f3n de 30 horas<\/strong><\/em>.<\/p>\n<p>Hace tiempo que la mancomunidad de euskera ofrece cursos de euskera relacionados con determinadas profesiones. En 2019 organiz\u00f3 en Arantza un curso de euskera para profesionales del cuiado, en 2021 en Bera para el personal de hosteler\u00eda y en 2023 en Lesaka de nuevo para quienes trabajan en el cuidado. Este a\u00f1o se pretenden ofrecer dos cursos, el de cuidados en Bera, y el de hosteler\u00eda-comercio (a concretar). Estos cursos est\u00e1n dirigidos a personas que no saben euskera; se trabajan contenidos \u00fatiles para el trabajo. Esta formaci\u00f3n puede suponer el primer paso para\u00a0 aprender euskera, y para quienes tienen sus or\u00edgenes fuera de Euskal Herria, una primera aproximaci\u00f3n al euskera y a la cultura vasca.<\/p>\n<p><strong><img loading=\"lazy\" decoding=\"async\" class=\"size-medium wp-image-8046 alignright\" src=\"https:\/\/bortziriak.eus\/wp-content\/uploads\/2024\/07\/Bera-ostalaritza-408x306.jpeg\" alt=\"\" width=\"408\" height=\"306\" srcset=\"https:\/\/bortziriak.eus\/wp-content\/uploads\/2024\/07\/Bera-ostalaritza-408x306.jpeg 408w, https:\/\/bortziriak.eus\/wp-content\/uploads\/2024\/07\/Bera-ostalaritza-1024x768.jpeg 1024w, https:\/\/bortziriak.eus\/wp-content\/uploads\/2024\/07\/Bera-ostalaritza-533x400.jpeg 533w, https:\/\/bortziriak.eus\/wp-content\/uploads\/2024\/07\/Bera-ostalaritza.jpeg 1600w\" sizes=\"auto, (max-width: 408px) 100vw, 408px\" \/>Inscripci\u00f3n<\/strong><\/p>\n<p>Aunque el curso para cuidadoras\/es de este a\u00f1o se desarrollar\u00e1 en la residencia de mayores San Jos\u00e9 de Bera, pueden participar tanto el personal propio como el ajeno. Aquella persona interesada puede realizar la inscripci\u00f3n rellenando<strong> <a href=\"https:\/\/docs.google.com\/forms\/d\/e\/1FAIpQLScFZ1rtK6Zf4-uaJ7acHRil9ncvsofCpYZxOA85rO3_8YZVNQ\/viewform\" target=\"_blank\" rel=\"noopener\">este sencillo cuestionario<\/a> antes del 9 de agosto<\/strong>.<\/p>\n<p><img loading=\"lazy\" decoding=\"async\" class=\"alignnone size-medium wp-image-8042\" src=\"https:\/\/bortziriak.eus\/wp-content\/uploads\/2024\/07\/Zaintzaileentzako-ikastaroa-Bera-288x408.png\" alt=\"\" width=\"288\" height=\"408\" srcset=\"https:\/\/bortziriak.eus\/wp-content\/uploads\/2024\/07\/Zaintzaileentzako-ikastaroa-Bera-288x408.png 288w, https:\/\/bortziriak.eus\/wp-content\/uploads\/2024\/07\/Zaintzaileentzako-ikastaroa-Bera-724x1024.png 724w, https:\/\/bortziriak.eus\/wp-content\/uploads\/2024\/07\/Zaintzaileentzako-ikastaroa-Bera-283x400.png 283w, https:\/\/bortziriak.eus\/wp-content\/uploads\/2024\/07\/Zaintzaileentzako-ikastaroa-Bera.png 1587w\" sizes=\"auto, (max-width: 288px) 100vw, 288px\" \/><\/p>\n<\/div><\/div><\/div><\/div><\/div><\/div><\/div><\/section>\n","protected":false},"excerpt":{"rendered":"La Mancomunidad de Euskera de Bortziriak ha organizado un curso b\u00e1sico de euskera para quienes trabajan en el cuidado, en la residencia de mayores San Jos\u00e9 de Bera, del 2 de septiembre al 10 de octubre. El curso est\u00e1 dirigido a cuidadoras\/es de personas mayores o dependientes, es gratuito y tendr\u00e1 una duraci\u00f3n de 30...","protected":false},"author":2,"featured_media":8048,"comment_status":"closed","ping_status":"closed","sticky":false,"template":"","format":"standard","meta":{"_acf_changed":false,"footnotes":""},"categories":[105,106],"tags":[],"class_list":["post-8054","post","type-post","status-publish","format-standard","has-post-thumbnail","hentry","category-albisteak-albisteak-es","category-albisteak-es"],"acf":[],"_links":{"self":[{"href":"https:\/\/bortziriak.eus\/es\/wp-json\/wp\/v2\/posts\/8054","targetHints":{"allow":["GET"]}}],"collection":[{"href":"https:\/\/bortziriak.eus\/es\/wp-json\/wp\/v2\/posts"}],"about":[{"href":"https:\/\/bortziriak.eus\/es\/wp-json\/wp\/v2\/types\/post"}],"author":[{"embeddable":true,"href":"https:\/\/bortziriak.eus\/es\/wp-json\/wp\/v2\/users\/2"}],"replies":[{"embeddable":true,"href":"https:\/\/bortziriak.eus\/es\/wp-json\/wp\/v2\/comments?post=8054"}],"version-history":[{"count":6,"href":"https:\/\/bortziriak.eus\/es\/wp-json\/wp\/v2\/posts\/8054\/revisions"}],"predecessor-version":[{"id":8060,"href":"https:\/\/bortziriak.eus\/es\/wp-json\/wp\/v2\/posts\/8054\/revisions\/8060"}],"wp:featuredmedia":[{"embeddable":true,"href":"https:\/\/bortziriak.eus\/es\/wp-json\/wp\/v2\/media\/8048"}],"wp:attachment":[{"href":"https:\/\/bortziriak.eus\/es\/wp-json\/wp\/v2\/media?parent=8054"}],"wp:term":[{"taxonomy":"category","embeddable":true,"href":"https:\/\/bortziriak.eus\/es\/wp-json\/wp\/v2\/categories?post=8054"},{"taxonomy":"post_tag","embeddable":true,"href":"https:\/\/bortziriak.eus\/es\/wp-json\/wp\/v2\/tags?post=8054"}],"curies":[{"name":"wp","href":"https:\/\/api.w.org\/{rel}","templated":true}]}}