{"id":8162,"date":"2024-09-23T10:19:40","date_gmt":"2024-09-23T08:19:40","guid":{"rendered":"https:\/\/bortziriak.eus\/2024\/09\/23\/la-campana-de-matriculacion-en-el-euskaltegi-entra-en-su-recta-final\/"},"modified":"2024-09-23T10:53:20","modified_gmt":"2024-09-23T08:53:20","slug":"la-campana-de-matriculacion-en-el-euskaltegi-entra-en-su-recta-final","status":"publish","type":"post","link":"https:\/\/bortziriak.eus\/es\/2024\/09\/23\/la-campana-de-matriculacion-en-el-euskaltegi-entra-en-su-recta-final\/","title":{"rendered":"La campa\u00f1a de matriculaci\u00f3n en el Euskaltegi entra en su recta final"},"content":{"rendered":"<section class=\"l-section wpb_row height_auto\"><div class=\"l-section-h i-cf\"><div class=\"g-cols vc_row via_flex valign_top type_default stacking_default\"><div class=\"vc_col-sm-12 wpb_column vc_column_container\"><div class=\"vc_column-inner\"><div class=\"wpb_wrapper\"><div class=\"wpb_text_column\"><div class=\"wpb_wrapper\"><p><strong>El plazo de matriculaci\u00f3n en el euskaltegi finaliza el 30 de septiembre y la mancomunidad hace un llamamiento a la ciudadan\u00eda para que aprenda y mejore el euskera. El lema de la campa\u00f1a de este a\u00f1o es el siguiente: \u00abYa que somos y queremos ser euskaldunes\u00bb.<\/strong><\/p>\n<p>La Mancomunidad de euskera ha realizado un breve v\u00eddeo para animar a la ciudadan\u00eda a aprender y mejorar el euskera. Tres bortziritarras, Adela, Araceli y Kevin lo protagonizan, y en \u00e9l nos hablan de la importancia que tienen el euskera y su aprendizaje, partiendo de trayectorias y experiencias distintas. Hablan del amor, del sentimiento, de la identidad y de la integraci\u00f3n, en definitiva, de ser euskaldun y del deseo de ser euskaldun.<\/p>\n<p><iframe loading=\"lazy\" title=\"Euskaldunak garen eta izan nahi dugunez gero!  Ya que somos y queremos ser euskaldunes\" width=\"640\" height=\"360\" src=\"https:\/\/www.youtube.com\/embed\/GMbkHc6E-H8?feature=oembed\" frameborder=\"0\" allow=\"accelerometer; autoplay; clipboard-write; encrypted-media; gyroscope; picture-in-picture; web-share\" referrerpolicy=\"strict-origin-when-cross-origin\" allowfullscreen><\/iframe><\/p>\n<p><strong>La campa\u00f1a de matriculaci\u00f3n en los \u00faltimos a\u00f1os<\/strong><\/p>\n<p>A continuaci\u00f3n se muestran los v\u00eddeos de las campa\u00f1as que ha realizado la mancomunidad de euskera en los \u00faltimos a\u00f1os. La Mancomunidad quiere dar las gracias a todas las personas que han participado.<\/p>\n<p><strong>2023 \u00abMaite dut euskara, baita lanean ere\u00bb<\/strong><\/p>\n<p><iframe loading=\"lazy\" title=\"Maite dut euskara, baita lanean ere!\" width=\"640\" height=\"360\" src=\"https:\/\/www.youtube.com\/embed\/fsUAMMCXCmI?feature=oembed\" frameborder=\"0\" allow=\"accelerometer; autoplay; clipboard-write; encrypted-media; gyroscope; picture-in-picture; web-share\" referrerpolicy=\"strict-origin-when-cross-origin\" allowfullscreen><\/iframe><\/p>\n<p><strong>2023 \u00abEl euskara abre puertas en el \u00e1mbito profesional\u00bb (Juanma)<\/strong><\/p>\n<p><iframe loading=\"lazy\" title=\"El euskera abre puertas en el \u00e1mbito profesional\" width=\"640\" height=\"360\" src=\"https:\/\/www.youtube.com\/embed\/70nG_daXuqM?start=6&#038;feature=oembed\" frameborder=\"0\" allow=\"accelerometer; autoplay; clipboard-write; encrypted-media; gyroscope; picture-in-picture; web-share\" referrerpolicy=\"strict-origin-when-cross-origin\" allowfullscreen><\/iframe><\/p>\n<p><strong>2023 \u00abEl euskara abre puertas en el \u00e1mbito profesional\u00bb (Meylin)\u00a0<\/strong><\/p>\n<p><iframe loading=\"lazy\" title=\"El euskera abre puertas en el \u00e1mbito profesional\" width=\"640\" height=\"360\" src=\"https:\/\/www.youtube.com\/embed\/mHHXbI7GuvQ?feature=oembed\" frameborder=\"0\" allow=\"accelerometer; autoplay; clipboard-write; encrypted-media; gyroscope; picture-in-picture; web-share\" referrerpolicy=\"strict-origin-when-cross-origin\" allowfullscreen><\/iframe><\/p>\n<p><strong>2023 \u00abEuskararen balioa\u00bb<\/strong><\/p>\n<p><iframe loading=\"lazy\" title=\"Euskararen balioa\" width=\"640\" height=\"360\" src=\"https:\/\/www.youtube.com\/embed\/VurESQLQkq0?feature=oembed\" frameborder=\"0\" allow=\"accelerometer; autoplay; clipboard-write; encrypted-media; gyroscope; picture-in-picture; web-share\" referrerpolicy=\"strict-origin-when-cross-origin\" allowfullscreen><\/iframe><\/p>\n<p><strong>2023 \u00abGozatu euskararekin\u00bb<\/strong><\/p>\n<p><iframe loading=\"lazy\" title=\"Gozatu euskararekin\" width=\"640\" height=\"360\" src=\"https:\/\/www.youtube.com\/embed\/mkJXANB2YiI?feature=oembed\" frameborder=\"0\" allow=\"accelerometer; autoplay; clipboard-write; encrypted-media; gyroscope; picture-in-picture; web-share\" referrerpolicy=\"strict-origin-when-cross-origin\" allowfullscreen><\/iframe><\/p>\n<p><strong>2022 \u00abHamaika ikusteko\u00bb<\/strong><\/p>\n<p><iframe loading=\"lazy\" title=\"Hamaika ikusteko!\" width=\"640\" height=\"360\" src=\"https:\/\/www.youtube.com\/embed\/T4qadlvBsNs?start=2&#038;feature=oembed\" frameborder=\"0\" allow=\"accelerometer; autoplay; clipboard-write; encrypted-media; gyroscope; picture-in-picture; web-share\" referrerpolicy=\"strict-origin-when-cross-origin\" allowfullscreen><\/iframe><\/p>\n<p><strong>2020 \u00abAprende euskera en Malerreka y en Bortziriak\u00bb<\/strong><\/p>\n<p><iframe loading=\"lazy\" title=\"Aprende euskera en Malerreka y Bortziriak\" width=\"640\" height=\"360\" src=\"https:\/\/www.youtube.com\/embed\/OEKLuzbeJVw?start=13&#038;feature=oembed\" frameborder=\"0\" allow=\"accelerometer; autoplay; clipboard-write; encrypted-media; gyroscope; picture-in-picture; web-share\" referrerpolicy=\"strict-origin-when-cross-origin\" allowfullscreen><\/iframe><\/p>\n<p><strong>2019 \u00abIgual no es tan dif\u00edcil como dicen\u00bb (trailerra)<\/strong><\/p>\n<p><iframe loading=\"lazy\" title=\"Decir que no vale para nada es mirar para otro lado\" width=\"640\" height=\"360\" src=\"https:\/\/www.youtube.com\/embed\/je5qNnXSXLY?feature=oembed\" frameborder=\"0\" allow=\"accelerometer; autoplay; clipboard-write; encrypted-media; gyroscope; picture-in-picture; web-share\" referrerpolicy=\"strict-origin-when-cross-origin\" allowfullscreen><\/iframe><\/p>\n<p><strong>2019 \u00abIgual no es tan dif\u00edcil como dicen\u00bb (dokumentala)<\/strong><\/p>\n<p><iframe loading=\"lazy\" title=\"Igual no es tan dif\u00edcil como dicen -  DOKUMENTALA\" width=\"640\" height=\"360\" src=\"https:\/\/www.youtube.com\/embed\/gJYkoHyqz6w?start=410&#038;feature=oembed\" frameborder=\"0\" allow=\"accelerometer; autoplay; clipboard-write; encrypted-media; gyroscope; picture-in-picture; web-share\" referrerpolicy=\"strict-origin-when-cross-origin\" allowfullscreen><\/iframe><\/p>\n<p><strong>2018 \u00abMusutruk (La Pel\u00edcula)\u00bb<\/strong><\/p>\n<p><iframe loading=\"lazy\" title=\"MUSUTRUK (La Pelicula) Bortziriak eta Malerreka TRAILER 2018\" width=\"640\" height=\"360\" src=\"https:\/\/www.youtube.com\/embed\/XshVh2A8_YU?feature=oembed\" frameborder=\"0\" allow=\"accelerometer; autoplay; clipboard-write; encrypted-media; gyroscope; picture-in-picture; web-share\" referrerpolicy=\"strict-origin-when-cross-origin\" allowfullscreen><\/iframe><\/p>\n<p>Con el objetivo de que la personas residentes en Bortziriak aprendan y mejoren el euskera, la mancomunidad de euskera trabaja en el \u00e1mbito de la euskaldunizaci\u00f3n y la alfabetizaci\u00f3n. Las actividades que se desarrollan principalmente son:<\/p>\n<ul>\n<li>Campa\u00f1as de euskaldunizaci\u00f3n y alfabetizaci\u00f3n: el objetivo es atraer a la ciudadan\u00eda al euskaltegi para aprender y mejorar el euskera, y, de paso, dar visibilidad a alumnos y nuevos hablantes de euskera. A su vez se pretende reconocer su papel en el proceso de revitalizaci\u00f3n del euskera.<\/li>\n<li>Organizaci\u00f3n de cursos espec\u00edficos: cursos de euskera b\u00e1sico relacionados con una profesi\u00f3n concreta, cursos de \u00abhitano\u00bb, cursos que tienen que ver con las variedades ling\u00fc\u00edsticas locales, etc.<\/li>\n<li><a href=\"https:\/\/bortziriak.eus\/es\/diru-laguntza\/euskara-ikasteko-laguntzak-alumnado\/\" target=\"_blank\" rel=\"noopener\">Subvenci\u00f3n<\/a> a estudiantes de euskera.<\/li>\n<li><a href=\"https:\/\/bortziriak.eus\/es\/diru-laguntza\/euskara-ikasteko-laguntzak-euskaltegi\/\" target=\"_blank\" rel=\"noopener\">Subvenci\u00f3n<\/a> al Euskaltegi de Cinco Villas.<\/li>\n<\/ul>\n<\/div><\/div><\/div><\/div><\/div><\/div><\/div><\/section>\n","protected":false},"excerpt":{"rendered":"El plazo de matriculaci\u00f3n en el euskaltegi finaliza el 30 de septiembre y la mancomunidad hace un llamamiento a la ciudadan\u00eda para que aprenda y mejore el euskera. El lema de la campa\u00f1a de este a\u00f1o es el siguiente: \u00abYa que somos y queremos ser euskaldunes\u00bb. La Mancomunidad de euskera ha realizado un breve v\u00eddeo...","protected":false},"author":2,"featured_media":8138,"comment_status":"closed","ping_status":"closed","sticky":false,"template":"","format":"standard","meta":{"_acf_changed":false,"footnotes":""},"categories":[106,105],"tags":[],"class_list":["post-8162","post","type-post","status-publish","format-standard","has-post-thumbnail","hentry","category-albisteak-es","category-albisteak-albisteak-es"],"acf":[],"_links":{"self":[{"href":"https:\/\/bortziriak.eus\/es\/wp-json\/wp\/v2\/posts\/8162","targetHints":{"allow":["GET"]}}],"collection":[{"href":"https:\/\/bortziriak.eus\/es\/wp-json\/wp\/v2\/posts"}],"about":[{"href":"https:\/\/bortziriak.eus\/es\/wp-json\/wp\/v2\/types\/post"}],"author":[{"embeddable":true,"href":"https:\/\/bortziriak.eus\/es\/wp-json\/wp\/v2\/users\/2"}],"replies":[{"embeddable":true,"href":"https:\/\/bortziriak.eus\/es\/wp-json\/wp\/v2\/comments?post=8162"}],"version-history":[{"count":11,"href":"https:\/\/bortziriak.eus\/es\/wp-json\/wp\/v2\/posts\/8162\/revisions"}],"predecessor-version":[{"id":8173,"href":"https:\/\/bortziriak.eus\/es\/wp-json\/wp\/v2\/posts\/8162\/revisions\/8173"}],"wp:featuredmedia":[{"embeddable":true,"href":"https:\/\/bortziriak.eus\/es\/wp-json\/wp\/v2\/media\/8138"}],"wp:attachment":[{"href":"https:\/\/bortziriak.eus\/es\/wp-json\/wp\/v2\/media?parent=8162"}],"wp:term":[{"taxonomy":"category","embeddable":true,"href":"https:\/\/bortziriak.eus\/es\/wp-json\/wp\/v2\/categories?post=8162"},{"taxonomy":"post_tag","embeddable":true,"href":"https:\/\/bortziriak.eus\/es\/wp-json\/wp\/v2\/tags?post=8162"}],"curies":[{"name":"wp","href":"https:\/\/api.w.org\/{rel}","templated":true}]}}