{"id":8440,"date":"2025-01-28T10:23:37","date_gmt":"2025-01-28T08:23:37","guid":{"rendered":"https:\/\/bortziriak.eus\/2025\/01\/28\/abierto-el-segundo-plazo-de-inscripcion-en-el-euskaltegi\/"},"modified":"2025-01-28T10:34:20","modified_gmt":"2025-01-28T08:34:20","slug":"abierto-el-segundo-plazo-de-inscripcion-en-el-euskaltegi","status":"publish","type":"post","link":"https:\/\/bortziriak.eus\/es\/2025\/01\/28\/abierto-el-segundo-plazo-de-inscripcion-en-el-euskaltegi\/","title":{"rendered":"Abierto el segundo plazo de inscripci\u00f3n en el euskaltegi"},"content":{"rendered":"<section class=\"l-section wpb_row height_auto\"><div class=\"l-section-h i-cf\"><div class=\"g-cols vc_row via_flex valign_top type_default stacking_default\"><div class=\"vc_col-sm-12 wpb_column vc_column_container\"><div class=\"vc_column-inner\"><div class=\"wpb_wrapper\"><div class=\"wpb_text_column\"><div class=\"wpb_wrapper\"><p><strong><img loading=\"lazy\" decoding=\"async\" class=\"size-medium wp-image-8436 alignleft\" src=\"https:\/\/bortziriak.eus\/wp-content\/uploads\/2025\/01\/2.-matrikulazioa-288x408.jpg\" alt=\"\" width=\"288\" height=\"408\" srcset=\"https:\/\/bortziriak.eus\/wp-content\/uploads\/2025\/01\/2.-matrikulazioa-288x408.jpg 288w, https:\/\/bortziriak.eus\/wp-content\/uploads\/2025\/01\/2.-matrikulazioa-724x1024.jpg 724w, https:\/\/bortziriak.eus\/wp-content\/uploads\/2025\/01\/2.-matrikulazioa-283x400.jpg 283w, https:\/\/bortziriak.eus\/wp-content\/uploads\/2025\/01\/2.-matrikulazioa.jpg 1131w\" sizes=\"auto, (max-width: 288px) 100vw, 288px\" \/>El plazo de inscripci\u00f3n permanecer\u00e1 abierto en el Euskaltegi de Bortziriak hasta el 7 de febrero<\/strong>. Como cada inicio de a\u00f1o, se abre un nuevo periodo de matriculaci\u00f3n. En este curso son 55 las personas inscritas en el euskaltegi, en los siguientes niveles: nivel b\u00e1sico (A1), nivel intermedio (A2), nivel preliminar (B1), nivel avanzado (B2) y nivel aut\u00f3nomo (C1). La mayor\u00eda de los cursos son presenciales y se llevan a cabo en en Bera y Lesaka, pero tambi\u00e9n se puedo optar por el aprendizaje online.<\/p>\n<p>Gracias a la subvenci\u00f3n de la Mancomunidad de Euskera de Bortziriak, l<strong>os y las alumnas tienen la posibilidad de recuperar el 100% del gasto efectuado en concepto de matr\u00edcula; las solicitudes se podr\u00e1n presentar del 1 al 30 de junio<\/strong>.<\/p>\n<p>La Mancomunidad de Euskara de Bortziriak realiza campa\u00f1as anuales para fomentar la euskaldunizaci\u00f3n y la alfabetizaci\u00f3n; este es el video que presentamos para promocionar la matriculaci\u00f3n al inicio del curso.<\/p>\n<p>&nbsp;<\/p>\n<p><iframe loading=\"lazy\" title=\"Euskaldunak garen eta izan nahi dugunez gero!  Ya que somos y queremos ser euskaldunes\" width=\"640\" height=\"360\" src=\"https:\/\/www.youtube.com\/embed\/GMbkHc6E-H8?feature=oembed\" frameborder=\"0\" allow=\"accelerometer; autoplay; clipboard-write; encrypted-media; gyroscope; picture-in-picture; web-share\" referrerpolicy=\"strict-origin-when-cross-origin\" allowfullscreen><\/iframe><\/p>\n<p>&nbsp;<\/p>\n<\/div><\/div><\/div><\/div><\/div><\/div><\/div><\/section>\n","protected":false},"excerpt":{"rendered":"El plazo de inscripci\u00f3n permanecer\u00e1 abierto en el Euskaltegi de Bortziriak hasta el 7 de febrero. Como cada inicio de a\u00f1o, se abre un nuevo periodo de matriculaci\u00f3n. En este curso son 55 las personas inscritas en el euskaltegi, en los siguientes niveles: nivel b\u00e1sico (A1), nivel intermedio (A2), nivel preliminar (B1), nivel avanzado (B2)...","protected":false},"author":2,"featured_media":1417,"comment_status":"closed","ping_status":"closed","sticky":false,"template":"","format":"standard","meta":{"_acf_changed":false,"footnotes":""},"categories":[105,106],"tags":[],"class_list":["post-8440","post","type-post","status-publish","format-standard","has-post-thumbnail","hentry","category-albisteak-albisteak-es","category-albisteak-es"],"acf":[],"_links":{"self":[{"href":"https:\/\/bortziriak.eus\/es\/wp-json\/wp\/v2\/posts\/8440","targetHints":{"allow":["GET"]}}],"collection":[{"href":"https:\/\/bortziriak.eus\/es\/wp-json\/wp\/v2\/posts"}],"about":[{"href":"https:\/\/bortziriak.eus\/es\/wp-json\/wp\/v2\/types\/post"}],"author":[{"embeddable":true,"href":"https:\/\/bortziriak.eus\/es\/wp-json\/wp\/v2\/users\/2"}],"replies":[{"embeddable":true,"href":"https:\/\/bortziriak.eus\/es\/wp-json\/wp\/v2\/comments?post=8440"}],"version-history":[{"count":14,"href":"https:\/\/bortziriak.eus\/es\/wp-json\/wp\/v2\/posts\/8440\/revisions"}],"predecessor-version":[{"id":8454,"href":"https:\/\/bortziriak.eus\/es\/wp-json\/wp\/v2\/posts\/8440\/revisions\/8454"}],"wp:featuredmedia":[{"embeddable":true,"href":"https:\/\/bortziriak.eus\/es\/wp-json\/wp\/v2\/media\/1417"}],"wp:attachment":[{"href":"https:\/\/bortziriak.eus\/es\/wp-json\/wp\/v2\/media?parent=8440"}],"wp:term":[{"taxonomy":"category","embeddable":true,"href":"https:\/\/bortziriak.eus\/es\/wp-json\/wp\/v2\/categories?post=8440"},{"taxonomy":"post_tag","embeddable":true,"href":"https:\/\/bortziriak.eus\/es\/wp-json\/wp\/v2\/tags?post=8440"}],"curies":[{"name":"wp","href":"https:\/\/api.w.org\/{rel}","templated":true}]}}