{"id":9344,"date":"2025-11-10T09:50:57","date_gmt":"2025-11-10T07:50:57","guid":{"rendered":"https:\/\/bortziriak.eus\/2025\/11\/10\/se-han-concedido-las-subvenciones-para-aprender-euskera-correspondientes-al-primer-plazo\/"},"modified":"2025-11-10T10:29:41","modified_gmt":"2025-11-10T08:29:41","slug":"se-han-concedido-las-subvenciones-para-aprender-euskera-correspondientes-al-primer-plazo","status":"publish","type":"post","link":"https:\/\/bortziriak.eus\/es\/2025\/11\/10\/se-han-concedido-las-subvenciones-para-aprender-euskera-correspondientes-al-primer-plazo\/","title":{"rendered":"Se han concedido las subvenciones para aprender euskera"},"content":{"rendered":"<section class=\"l-section wpb_row height_auto\"><div class=\"l-section-h i-cf\"><div class=\"g-cols vc_row via_flex valign_top type_default stacking_default\"><div class=\"vc_col-sm-12 wpb_column vc_column_container\"><div class=\"vc_column-inner\"><div class=\"wpb_wrapper\"><div class=\"wpb_text_column\"><div class=\"wpb_wrapper\"><p><em><strong>El alumnado de euskera ha recibido la primera parte de la subvenci\u00f3n del curso 2025-2026. El plazo para presentar las solicitudes de subvenci\u00f3n finalizaba el 10 de octubre, y una vez estudiadas las solicitudes presentadas, la presidenta de la mancomunidad ha dictado resoluci\u00f3n con fecha 4 de noviembre.<\/strong><\/em><\/p>\n<p>La Mancomunidad de Euskera aprob\u00f3 en abril de 2025 la convocatoria de subvenciones para apremder euskera, que incluye los gastos de matr\u00edcula de los cursos realizados entre el 1 de julio de 2025 y el 30 de junio de 2026. Quienes realizaron los cursos de verano o que quer\u00edan recibir la mayor parte de la subvenci\u00f3n al inicio del curso ten\u00edan de plazo para realizar las solicitudes del 1 de septiembre al 10 de octubre de 2025. Una vez analizadas las solicitudes, se determin\u00f3 que 51 estudiantes de euskera cumpl\u00edan los requisitos para percibir la subvenci\u00f3n. As\u00ed, la mancomunidad de euskera ha repartido 13.949,00 \u20ac para aprender euskera.<\/p>\n<p>Si nos fijamos en el centro donde aprenden euskera quienes han efectuado las solicitudes, la mayor\u00eda son estudiantes del Euskaltegi de Bortziriak (49), mientras que dos estudiantes han recibido la ayuda por realizar un curso o \u00abbarnetegi\u00bb de verano, concretamente en el Euskaltegi Maizpide.<\/p>\n<p>La mancomunidad de euskera tiene como objetivo la gratuidad, el derecho a que toda la ciudadan\u00eda aprenda euskera, y para ello subvenciona el 100% de la matr\u00edcula. En el caso de las personas que han iniciado el curso 2025-2026, recibir\u00e1n ahora el 75% del coste de la matr\u00edcula, y el 25% restante a final de curso.<\/p>\n<p><a href=\"https:\/\/bortziriak.eus\/wp-content\/uploads\/2025\/11\/42-2025-Ebazpena.-2025-2026-IKASTURTEKO-EUSKARA-IKASLEENTZAKO-HASIERAKO-DIRULAGUNTZAK-ELE-BIZ.pdf\" target=\"_blank\" rel=\"noopener\">42-2025 Ebazpena. Euskara ikasleei dirulaguntza 1. epea<\/a><\/p>\n<\/div><\/div><\/div><\/div><\/div><\/div><\/div><\/section>\n","protected":false},"excerpt":{"rendered":"El alumnado de euskera ha recibido la primera parte de la subvenci\u00f3n del curso 2025-2026. El plazo para presentar las solicitudes de subvenci\u00f3n finalizaba el 10 de octubre, y una vez estudiadas las solicitudes presentadas, la presidenta de la mancomunidad ha dictado resoluci\u00f3n con fecha 4 de noviembre. La Mancomunidad de Euskera aprob\u00f3 en abril...","protected":false},"author":2,"featured_media":8996,"comment_status":"closed","ping_status":"closed","sticky":false,"template":"","format":"standard","meta":{"_acf_changed":false,"footnotes":""},"categories":[105,106],"tags":[],"class_list":["post-9344","post","type-post","status-publish","format-standard","has-post-thumbnail","hentry","category-albisteak-albisteak-es","category-albisteak-es"],"acf":[],"_links":{"self":[{"href":"https:\/\/bortziriak.eus\/es\/wp-json\/wp\/v2\/posts\/9344","targetHints":{"allow":["GET"]}}],"collection":[{"href":"https:\/\/bortziriak.eus\/es\/wp-json\/wp\/v2\/posts"}],"about":[{"href":"https:\/\/bortziriak.eus\/es\/wp-json\/wp\/v2\/types\/post"}],"author":[{"embeddable":true,"href":"https:\/\/bortziriak.eus\/es\/wp-json\/wp\/v2\/users\/2"}],"replies":[{"embeddable":true,"href":"https:\/\/bortziriak.eus\/es\/wp-json\/wp\/v2\/comments?post=9344"}],"version-history":[{"count":4,"href":"https:\/\/bortziriak.eus\/es\/wp-json\/wp\/v2\/posts\/9344\/revisions"}],"predecessor-version":[{"id":9350,"href":"https:\/\/bortziriak.eus\/es\/wp-json\/wp\/v2\/posts\/9344\/revisions\/9350"}],"wp:featuredmedia":[{"embeddable":true,"href":"https:\/\/bortziriak.eus\/es\/wp-json\/wp\/v2\/media\/8996"}],"wp:attachment":[{"href":"https:\/\/bortziriak.eus\/es\/wp-json\/wp\/v2\/media?parent=9344"}],"wp:term":[{"taxonomy":"category","embeddable":true,"href":"https:\/\/bortziriak.eus\/es\/wp-json\/wp\/v2\/categories?post=9344"},{"taxonomy":"post_tag","embeddable":true,"href":"https:\/\/bortziriak.eus\/es\/wp-json\/wp\/v2\/tags?post=9344"}],"curies":[{"name":"wp","href":"https:\/\/api.w.org\/{rel}","templated":true}]}}